{"id":14227,"date":"2026-08-31T14:52:00","date_gmt":"2026-08-31T20:52:00","guid":{"rendered":"https:\/\/colon.gob.mx\/inicio\/?p=14227"},"modified":"2026-09-01T09:55:30","modified_gmt":"2026-09-01T15:55:30","slug":"inicia-colon-el-ciclo-escolar-2026-2027-ordenado-y-puntual","status":"publish","type":"post","link":"https:\/\/colon.gob.mx\/inicio\/inicia-colon-el-ciclo-escolar-2026-2027-ordenado-y-puntual\/","title":{"rendered":"Inicia Col\u00f3n el Ciclo Escolar 2026-2027 Ordenado y Puntual"},"content":{"rendered":"\n<ul class=\"wp-block-list\">\n<li>El Transporte Escolar Gratuito atendi\u00f3 en este regreso a clases a 530 alumnos de educaci\u00f3n b\u00e1sica.<\/li>\n<\/ul>\n\n\n\n<p>En un arranque ordenado y puntual, el Municipio de Col\u00f3n inici\u00f3 el ciclo escolar 2026-2027, con el programa de transporte escolar gratuito, una iniciativa impulsada por el Presidente Municipal, Gaspar Trueba Moncada, desde su creaci\u00f3n para garantizar que ning\u00fan ni\u00f1o o ni\u00f1a se quede sin estudiar por falta de movilidad.<\/p>\n\n\n<div class=\"wp-block-image\">\n<figure class=\"aligncenter size-large\"><img fetchpriority=\"high\" decoding=\"async\" width=\"1024\" height=\"682\" src=\"https:\/\/colon.gob.mx\/inicio\/wp-content\/uploads\/2026\/09\/WhatsApp-Image-2026-08-31-at-14.16.21-1024x682.jpeg\" alt=\"\" class=\"wp-image-14229\" srcset=\"https:\/\/colon.gob.mx\/inicio\/wp-content\/uploads\/2026\/09\/WhatsApp-Image-2026-08-31-at-14.16.21-1024x682.jpeg 1024w, https:\/\/colon.gob.mx\/inicio\/wp-content\/uploads\/2026\/09\/WhatsApp-Image-2026-08-31-at-14.16.21-300x200.jpeg 300w, https:\/\/colon.gob.mx\/inicio\/wp-content\/uploads\/2026\/09\/WhatsApp-Image-2026-08-31-at-14.16.21-768x512.jpeg 768w, https:\/\/colon.gob.mx\/inicio\/wp-content\/uploads\/2026\/09\/WhatsApp-Image-2026-08-31-at-14.16.21-450x300.jpeg 450w, https:\/\/colon.gob.mx\/inicio\/wp-content\/uploads\/2026\/09\/WhatsApp-Image-2026-08-31-at-14.16.21.jpeg 1280w\" sizes=\"(max-width: 1024px) 100vw, 1024px\" \/><\/figure>\n<\/div>\n\n\n<p>Desde este primer d\u00eda de clases, alrededor de 530 alumnos de educaci\u00f3n b\u00e1sica y estudiantes de Bachillerato y Universidad se trasladaron de manera segura en 15 unidades que operan a trav\u00e9s de 17 rutas, logrando una cobertura en las 53 comunidades del municipio.<\/p>\n\n\n\n<p>El programa de la Secretar\u00eda de Innovaci\u00f3n, Cultura y Educaci\u00f3n, representa un importante apoyo a la econom\u00eda familiar y un compromiso directo con la permanencia escolar, al acercar a estudiantes de las comunidades m\u00e1s alejadas a sus centros educativos sin ning\u00fan costo.<\/p>\n\n\n\n<p>Para esta administraci\u00f3n la educaci\u00f3n es prioridad. Con este transporte gratuito no solo se transporta a alumnos, se mueven oportunidades y tranquilidad para las familias de Col\u00f3n.<\/p>\n\n\n\n<p>Con esta acci\u00f3n, el Gobierno Municipal refrenda que invertir en educaci\u00f3n es invertir en el futuro de Col\u00f3n, asegurando un servicio digno, seguro y totalmente gratuito para la ni\u00f1ez colonense.<\/p>\n","protected":false},"excerpt":{"rendered":"<p>En un arranque ordenado y puntual, el Municipio de Col\u00f3n inici\u00f3 el ciclo escolar 2026-2027, con el programa de transporte escolar gratuito, una iniciativa impulsada por el Presidente Municipal, Gaspar Trueba Moncada, desde su creaci\u00f3n para garantizar que ning\u00fan ni\u00f1o o ni\u00f1a se quede sin estudiar por falta de movilidad. &hellip;<\/p>\n","protected":false},"author":1,"featured_media":14228,"comment_status":"closed","ping_status":"closed","sticky":false,"template":"","format":"standard","meta":{"footnotes":""},"categories":[131,80,66,50,77,91],"tags":[],"class_list":["post-14227","post","type-post","status-publish","format-standard","has-post-thumbnail","hentry","category-ago-2026","category-educacion","category-municipio","category-noticias","category-sedeso","category-sice"],"_links":{"self":[{"href":"https:\/\/colon.gob.mx\/inicio\/wp-json\/wp\/v2\/posts\/14227","targetHints":{"allow":["GET"]}}],"collection":[{"href":"https:\/\/colon.gob.mx\/inicio\/wp-json\/wp\/v2\/posts"}],"about":[{"href":"https:\/\/colon.gob.mx\/inicio\/wp-json\/wp\/v2\/types\/post"}],"author":[{"embeddable":true,"href":"https:\/\/colon.gob.mx\/inicio\/wp-json\/wp\/v2\/users\/1"}],"replies":[{"embeddable":true,"href":"https:\/\/colon.gob.mx\/inicio\/wp-json\/wp\/v2\/comments?post=14227"}],"version-history":[{"count":1,"href":"https:\/\/colon.gob.mx\/inicio\/wp-json\/wp\/v2\/posts\/14227\/revisions"}],"predecessor-version":[{"id":14230,"href":"https:\/\/colon.gob.mx\/inicio\/wp-json\/wp\/v2\/posts\/14227\/revisions\/14230"}],"wp:featuredmedia":[{"embeddable":true,"href":"https:\/\/colon.gob.mx\/inicio\/wp-json\/wp\/v2\/media\/14228"}],"wp:attachment":[{"href":"https:\/\/colon.gob.mx\/inicio\/wp-json\/wp\/v2\/media?parent=14227"}],"wp:term":[{"taxonomy":"category","embeddable":true,"href":"https:\/\/colon.gob.mx\/inicio\/wp-json\/wp\/v2\/categories?post=14227"},{"taxonomy":"post_tag","embeddable":true,"href":"https:\/\/colon.gob.mx\/inicio\/wp-json\/wp\/v2\/tags?post=14227"}],"curies":[{"name":"wp","href":"https:\/\/api.w.org\/{rel}","templated":true}]}}